{"id":156077,"date":"2026-03-06T10:49:12","date_gmt":"2026-03-06T10:49:12","guid":{"rendered":"https:\/\/gtss.ie\/uncategorized-ro\/primul-ajutor-responder-vs-primul-ajutor-de-baza-care-este-diferenta\/"},"modified":"2026-03-06T10:50:12","modified_gmt":"2026-03-06T10:50:12","slug":"primul-ajutor-responder-vs-primul-ajutor-de-baza-care-este-diferenta","status":"publish","type":"post","link":"https:\/\/gtss.ie\/ro\/uncategorized-ro\/primul-ajutor-responder-vs-primul-ajutor-de-baza-care-este-diferenta\/","title":{"rendered":"Primul ajutor Responder vs Primul ajutor de baz\u0103: Care este diferen\u021ba?"},"content":{"rendered":"<p>[et_pb_section fb_built=&#8221;1&#8243; _builder_version=&#8221;4.27.4&#8243; _module_preset=&#8221;default&#8221; global_colors_info=&#8221;{}&#8221; theme_builder_area=&#8221;post_content&#8221;][et_pb_row _builder_version=&#8221;4.27.4&#8243; _module_preset=&#8221;default&#8221; global_colors_info=&#8221;{}&#8221; theme_builder_area=&#8221;post_content&#8221;][et_pb_column type=&#8221;4_4&#8243; _builder_version=&#8221;4.27.4&#8243; _module_preset=&#8221;default&#8221; global_colors_info=&#8221;{}&#8221; theme_builder_area=&#8221;post_content&#8221;][et_pb_text _builder_version=&#8221;4.27.5&#8243; _module_preset=&#8221;default&#8221; hover_enabled=&#8221;0&#8243; text_font_size_tablet=&#8221;&#8221; text_font_size_phone=&#8221;&#8221; text_font_size_last_edited=&#8221;on|desktop&#8221; global_colors_info=&#8221;{}&#8221; theme_builder_area=&#8221;post_content&#8221; sticky_enabled=&#8221;0&#8243;]<\/p>\n<p>Atunci c\u00e2nd caut\u0103 un curs de prim ajutor \u00een Irlanda, mul\u021bi oameni \u00eent\u00e2lnesc dou\u0103 op\u021biuni comune: <strong>First Aid Responder (FAR)<\/strong> \u0219i <strong>Basic First Aid.<\/strong><\/p>\n<p>De\u0219i ambele predau abilit\u0103\u021bi importante de salvare a vie\u021bii, ele servesc unor scopuri \u0219i niveluri de responsabilitate foarte diferite. Alegerea cursului corect este deosebit de important\u0103 \u00een cazul \u00een care formarea dumneavoastr\u0103 este necesar\u0103 pentru conformitatea la locul de munc\u0103. <\/p>\n<p>\u00cen acest ghid, explic\u0103m diferen\u021bele cheie dintre aceste dou\u0103 tipuri de cursuri de prim ajutor, astfel \u00eenc\u00e2t s\u0103 pute\u021bi determina care curs este potrivit pentru dumneavoastr\u0103 \u00een Dublin sau oriunde \u00een Irlanda.<\/p>\n<p>[\/et_pb_text][\/et_pb_column][\/et_pb_row][et_pb_row _builder_version=&#8221;4.27.5&#8243; _module_preset=&#8221;default&#8221; global_colors_info=&#8221;{}&#8221; theme_builder_area=&#8221;post_content&#8221;][et_pb_column type=&#8221;4_4&#8243; _builder_version=&#8221;4.27.4&#8243; _module_preset=&#8221;default&#8221; global_colors_info=&#8221;{}&#8221; theme_builder_area=&#8221;post_content&#8221;][et_pb_text _builder_version=&#8221;4.27.5&#8243; _module_preset=&#8221;default&#8221; hover_enabled=&#8221;0&#8243; global_colors_info=&#8221;{}&#8221; theme_builder_area=&#8221;post_content&#8221; sticky_enabled=&#8221;0&#8243;]<\/p>\n<h2>Why Understanding the Difference Matters<\/h2>\n<p>Employers in Ireland are responsible for ensuring that adequate first aid arrangements are in place for employees and visitors. Guidance from the <strong><a href=\"https:\/\/www.hsa.ie\/\" target=\"_blank\" rel=\"noopener\">Health and Safety Authority (HSA)<\/a><\/strong> states that workplaces must assess their risks and ensure trained personnel are available to respond to emergencies.<\/p>\n<p>This often means appointing designated first aiders who hold recognised certification.<\/p>\n<ul>\n<li>Choosing the wrong type of training could result in:<\/li>\n<li>Training that does not meet workplace requirements<\/li>\n<li>Non-compliance with safety guidance<\/li>\n<li>Additional training costs later<\/li>\n<li>Increased workplace risk<\/li>\n<\/ul>\n<p>Understanding the difference between <strong>First Aid Responder<\/strong> and <strong>Basic First Aid<\/strong> helps ensure the correct training is chosen from the beginning.<\/p>\n<p>[\/et_pb_text][\/et_pb_column][\/et_pb_row][et_pb_row _builder_version=&#8221;4.27.5&#8243; _module_preset=&#8221;default&#8221; global_colors_info=&#8221;{}&#8221; theme_builder_area=&#8221;post_content&#8221;][et_pb_column type=&#8221;4_4&#8243; _builder_version=&#8221;4.27.4&#8243; _module_preset=&#8221;default&#8221; global_colors_info=&#8221;{}&#8221; theme_builder_area=&#8221;post_content&#8221;][et_pb_text _builder_version=&#8221;4.27.5&#8243; _module_preset=&#8221;default&#8221; hover_enabled=&#8221;0&#8243; global_colors_info=&#8221;{}&#8221; theme_builder_area=&#8221;post_content&#8221; sticky_enabled=&#8221;0&#8243;]<\/p>\n<h2>What Is a First Aid Responder (FAR) Course?<\/h2>\n<p>The <strong>First Aid Responder (FAR)<\/strong> course is the recognised workplace first aid certification in Ireland.<\/p>\n<p>It is regulated by the <strong>Pre-Hospital Emergency Care Council (PHECC)<\/strong>, the statutory body responsible for setting national standards for pre-hospital emergency care training.<\/p>\n<p>The FAR course prepares individuals to respond to a wide range of emergencies, including:<\/p>\n<ul>\n<li>Cardiac arrest<\/li>\n<li>Severe bleeding<\/li>\n<li>Fractures and injuries<\/li>\n<li>Medical emergencies<\/li>\n<li>Workplace incidents<\/li>\n<\/ul>\n<p>Participants receive practical, hands-on training including CPR, AED use, and emergency response scenarios.<\/p>\n<p>If you are appointed as a workplace first aider, this is typically the qualification required.<\/p>\n<p>If you are looking for recognised workplace certification, you can view <strong><a href=\"https:\/\/gtss.ie\/courses\/first-aid-responder-training-new\/\" target=\"_blank\" rel=\"noopener\">upcoming First Aid Responder training courses<\/a><\/strong> in Dublin here.<\/p>\n<p>[\/et_pb_text][\/et_pb_column][\/et_pb_row][et_pb_row column_structure=&#8221;3_5,2_5&#8243; _builder_version=&#8221;4.27.5&#8243; _module_preset=&#8221;default&#8221; hover_enabled=&#8221;0&#8243; global_colors_info=&#8221;{}&#8221; theme_builder_area=&#8221;post_content&#8221; sticky_enabled=&#8221;0&#8243;][et_pb_column type=&#8221;3_5&#8243; _builder_version=&#8221;4.27.4&#8243; _module_preset=&#8221;default&#8221; global_colors_info=&#8221;{}&#8221; theme_builder_area=&#8221;post_content&#8221;][et_pb_text _builder_version=&#8221;4.27.5&#8243; _module_preset=&#8221;default&#8221; hover_enabled=&#8221;0&#8243; global_colors_info=&#8221;{}&#8221; theme_builder_area=&#8221;post_content&#8221; sticky_enabled=&#8221;0&#8243;]<\/p>\n<h2>Ce este formarea de baz\u0103 \u00een prim ajutor?<\/h2>\n<p>Formarea de prim ajutor de baz\u0103 este conceput\u0103 pentru a introduce participan\u021bii la principiile fundamentale ale r\u0103spunsului \u00een caz de urgen\u021b\u0103.<\/p>\n<p>Acesta acoper\u0103 de obicei subiecte precum:<\/p>\n<ul>\n<li>Cunoa\u0219terea CPR de baz\u0103<\/li>\n<li>Tratarea r\u0103nilor minore<\/li>\n<li>\u00cen\u021belegerea procedurilor de interven\u021bie \u00een caz de urgen\u021b\u0103<\/li>\n<li>Cuno\u0219tin\u021be generale de prim ajutor<\/li>\n<\/ul>\n<p>De\u0219i acest tip de formare este util pentru cunoa\u0219terea \u0219i con\u0219tientizarea personal\u0103, de obicei nu este suficient pentru prim-ajutorii desemna\u021bi la locul de munc\u0103.<\/p>\n<p>Majoritatea angajatorilor solicit\u0103 o formare care respect\u0103 standardele stabilite de <strong><a href=\"https:\/\/www.phecit.ie\/\" target=\"_blank\" rel=\"noopener\">PHECC<\/a>.<\/strong><\/p>\n<p>[\/et_pb_text][\/et_pb_column][et_pb_column type=&#8221;2_5&#8243; _builder_version=&#8221;4.27.4&#8243; _module_preset=&#8221;default&#8221; global_colors_info=&#8221;{}&#8221; theme_builder_area=&#8221;post_content&#8221;][et_pb_image alt=&#8221;Ilustra\u021bie cu trusa de prim ajutor de baz\u0103 reprezent\u00e2nd sensibilizarea cu privire la primul ajutor \u0219i formarea pentru interven\u021bii de urgen\u021b\u0103&#8221; title_text=&#8221;Formare de baz\u0103 pentru con\u0219tientizarea primului ajutor &#8211; Ilustra\u021bia trusei de prim ajutor&#8221; _builder_version=&#8221;4.27.5&#8243; _module_preset=&#8221;default&#8221; max_width=&#8221;80%&#8221; custom_padding=&#8221;|||0px||&#8221; hover_enabled=&#8221;0&#8243; border_radii=&#8221;on|30px|30px|30px|30px&#8221; box_shadow_style=&#8221;none&#8221; global_colors_info=&#8221;{}&#8221; theme_builder_area=&#8221;post_content&#8221; sticky_enabled=&#8221;0&#8243; src=&#8221;https:\/\/gtss.ie\/wp-content\/uploads\/2026\/03\/basic-first-aid-awareness-training-illustration.png&#8221;][\/et_pb_image][\/et_pb_column][\/et_pb_row][et_pb_row module_id=&#8221;book-safe-pass-now&#8221; _builder_version=&#8221;4.27.5&#8243; _module_preset=&#8221;default&#8221; custom_padding=&#8221;||31px|||&#8221; global_colors_info=&#8221;{}&#8221; theme_builder_area=&#8221;post_content&#8221;][et_pb_column type=&#8221;4_4&#8243; _builder_version=&#8221;4.27.4&#8243; _module_preset=&#8221;default&#8221; global_colors_info=&#8221;{}&#8221; theme_builder_area=&#8221;post_content&#8221;][et_pb_text _builder_version=&#8221;4.27.5&#8243; _module_preset=&#8221;default&#8221; hover_enabled=&#8221;0&#8243; global_colors_info=&#8221;{}&#8221; theme_builder_area=&#8221;post_content&#8221; sticky_enabled=&#8221;0&#8243;]<\/p>\n<h2>Key Differences Between FAR and Basic First Aid<\/h2>\n<table border=\"1\" style=\"border-collapse: collapse; width: 100%;\">\n<tbody>\n<tr>\n<td style=\"width: 33.3333%;\"><strong>Feature<\/strong><\/td>\n<td style=\"width: 33.3333%;\"><strong>First Aid Responder (FAR)<\/strong><\/td>\n<td style=\"width: 33.3333%;\"><strong>Basic First Aid<\/strong><\/td>\n<\/tr>\n<tr>\n<td style=\"width: 33.3333%;\">Certification<\/td>\n<td style=\"width: 33.3333%;\">PHECC-certified<\/td>\n<td style=\"width: 33.3333%;\">Usually non-certified<\/td>\n<\/tr>\n<tr>\n<td style=\"width: 33.3333%;\">Intended for<\/td>\n<td style=\"width: 33.3333%;\">Workplace first aiders<\/td>\n<td style=\"width: 33.3333%;\">General awareness<\/td>\n<\/tr>\n<tr>\n<td style=\"width: 33.3333%;\">Course duration<\/td>\n<td style=\"width: 33.3333%;\">Typically 3 days<\/td>\n<td style=\"width: 33.3333%;\">Usually 1 day<\/td>\n<\/tr>\n<tr>\n<td style=\"width: 33.3333%;\">Compliance<\/td>\n<td style=\"width: 33.3333%;\">Meets workplace requirements<\/td>\n<td style=\"width: 33.3333%;\">Often not recognised<\/td>\n<\/tr>\n<tr>\n<td style=\"width: 33.3333%;\">Renewal<\/td>\n<td style=\"width: 33.3333%;\">Refresher required every 2 years<\/td>\n<td style=\"width: 33.3333%;\">Usually no renewal<\/td>\n<\/tr>\n<\/tbody>\n<\/table>\n<p>Because of these differences, the majority of employers in Dublin and across Ireland require <strong>First Aid Responder<\/strong> certification for designated workplace first aid personnel.<\/p>\n<p><strong><\/strong><\/p>\n<p>[\/et_pb_text][\/et_pb_column][\/et_pb_row][et_pb_row _builder_version=&#8221;4.27.5&#8243; _module_preset=&#8221;default&#8221; global_colors_info=&#8221;{}&#8221; theme_builder_area=&#8221;post_content&#8221;][et_pb_column type=&#8221;4_4&#8243; _builder_version=&#8221;4.27.4&#8243; _module_preset=&#8221;default&#8221; global_colors_info=&#8221;{}&#8221; theme_builder_area=&#8221;post_content&#8221;][et_pb_text _builder_version=&#8221;4.27.5&#8243; _module_preset=&#8221;default&#8221; global_colors_info=&#8221;{}&#8221; theme_builder_area=&#8221;post_content&#8221;]<\/p>\n<h2>When Should You Choose First Aid Responder Training?<\/h2>\n<p>First Aid Responder training is recommended if you:<\/p>\n<p>Have been appointed as your workplace first aider<\/p>\n<p>Work in industries such as construction, retail, hospitality, or manufacturing<\/p>\n<p>Need recognised certification for workplace compliance<\/p>\n<p>Are responsible for health and safety within your organisation<\/p>\n<p>The FAR course provides a much deeper level of training and prepares participants to respond effectively in real emergency situations.<\/p>\n<p>[\/et_pb_text][\/et_pb_column][\/et_pb_row][et_pb_row _builder_version=&#8221;4.27.5&#8243; _module_preset=&#8221;default&#8221; global_colors_info=&#8221;{}&#8221; theme_builder_area=&#8221;post_content&#8221;][et_pb_column type=&#8221;4_4&#8243; _builder_version=&#8221;4.27.4&#8243; _module_preset=&#8221;default&#8221; global_colors_info=&#8221;{}&#8221; theme_builder_area=&#8221;post_content&#8221;][et_pb_text _builder_version=&#8221;4.27.5&#8243; _module_preset=&#8221;default&#8221; hover_enabled=&#8221;0&#8243; global_colors_info=&#8221;{}&#8221; theme_builder_area=&#8221;post_content&#8221; sticky_enabled=&#8221;0&#8243;]<\/p>\n<h2>C\u00e2nd este adecvat primul ajutor de baz\u0103?<\/h2>\n<p>Primul ajutor de baz\u0103 poate fi potrivit dac\u0103:<\/p>\n<ul>\n<li>Dori\u021bi s\u0103 \u00eenv\u0103\u021ba\u021bi abilit\u0103\u021bi practice de salvare a vie\u021bii<\/li>\n<li>fac parte dintr-o organiza\u021bie comunitar\u0103<\/li>\n<li>Dori\u021bi cursuri de sensibilizare general\u0103<\/li>\n<li>Nu necesit\u0103 certificare formal\u0103 la locul de munc\u0103<\/li>\n<\/ul>\n<p>Cu toate acestea, dac\u0103 nu sunte\u021bi sigur ce formare este necesar\u0103, consulta\u021bi orient\u0103rile de la <strong><a href=\"https:\/\/www.hsa.ie\/\" target=\"_blank\" rel=\"noopener\">Autoritatea pentru s\u0103n\u0103tate \u0219i siguran\u021b\u0103 (HSA)<\/a><\/strong> v\u0103 poate ajuta s\u0103 determina\u021bi ce nivel de formare \u00een prim ajutor este adecvat.<\/p>\n<p>[\/et_pb_text][\/et_pb_column][\/et_pb_row][et_pb_row _builder_version=&#8221;4.27.5&#8243; _module_preset=&#8221;default&#8221; global_colors_info=&#8221;{}&#8221; theme_builder_area=&#8221;post_content&#8221;][et_pb_column type=&#8221;4_4&#8243; _builder_version=&#8221;4.27.4&#8243; _module_preset=&#8221;default&#8221; global_colors_info=&#8221;{}&#8221; theme_builder_area=&#8221;post_content&#8221;][et_pb_text _builder_version=&#8221;4.27.5&#8243; _module_preset=&#8221;default&#8221; hover_enabled=&#8221;0&#8243; global_colors_info=&#8221;{}&#8221; theme_builder_area=&#8221;post_content&#8221; sticky_enabled=&#8221;0&#8243;]<\/p>\n<h2>Cerin\u021be privind formarea \u00een domeniul primului ajutor pentru locurile de munc\u0103 din Dublin<\/h2>\n<p>Num\u0103rul de prim-ajutori califica\u021bi necesar la un loc de munc\u0103 depinde de mai mul\u021bi factori, printre care:<\/p>\n<ul>\n<li>Dimensiunea locului de munc\u0103<\/li>\n<li>Nivelul de risc<\/li>\n<li>Num\u0103rul de angaja\u021bi<\/li>\n<li>Modele de schimburi<\/li>\n<\/ul>\n<p>Angajatorii trebuie s\u0103 efectueze o evaluare a riscurilor \u0219i s\u0103 asigure un sistem adecvat de prim ajutor, \u00een conformitate cu orient\u0103rile de la <strong><a href=\"https:\/\/www.phecit.ie\/\" target=\"_blank\" rel=\"noopener\">PHECC<\/a><\/strong> \u0219i ale <strong><a href=\"https:\/\/www.hsa.ie\/\" target=\"_blank\" rel=\"noopener\">Autoritatea pentru s\u0103n\u0103tate \u0219i siguran\u021b\u0103 (HSA).<\/a><\/strong><\/p>\n<p>Asigurarea instruirii adecvate a angaja\u021bilor ajut\u0103 organiza\u021biile s\u0103 men\u021bin\u0103 conformitatea, protej\u00e2nd \u00een acela\u0219i timp personalul, clien\u021bii \u0219i vizitatorii.<\/p>\n<p>[\/et_pb_text][\/et_pb_column][\/et_pb_row][et_pb_row _builder_version=&#8221;4.27.4&#8243; _module_preset=&#8221;default&#8221; global_colors_info=&#8221;{}&#8221; theme_builder_area=&#8221;post_content&#8221;][et_pb_column type=&#8221;4_4&#8243; _builder_version=&#8221;4.27.4&#8243; _module_preset=&#8221;default&#8221; global_colors_info=&#8221;{}&#8221; theme_builder_area=&#8221;post_content&#8221;][et_pb_text _builder_version=&#8221;4.27.5&#8243; _module_preset=&#8221;default&#8221; global_colors_info=&#8221;{}&#8221; theme_builder_area=&#8221;post_content&#8221;]<\/p>\n<h2>Sunte\u021bi gata s\u0103 v\u0103 rezerva\u021bi cursul de prim ajutor?<\/h2>\n<p>Dac\u0103 ave\u021bi nevoie de certificare de prim ajutor la locul de munc\u0103 \u00een Dublin, cursul First Aid Responder ofer\u0103 formarea necesar\u0103 \u00een conformitate cu orient\u0103rile de siguran\u021b\u0103 din Irlanda.<\/p>\n<p>Dac\u0103 sunte\u021bi \u00een c\u0103utarea unei form\u0103ri generale de con\u0219tientizare, pute\u021bi explora, de asemenea, cursul nostru Basic First Aid Awareness.<\/p>\n<p><strong>Pute\u021bi vizualiza datele \u0219i disponibilitatea cursurilor viitoare aici:<\/strong><\/p>\n<p>[\/et_pb_text][et_pb_button button_url=&#8221;@ET-DC@eyJkeW5hbWljIjp0cnVlLCJjb250ZW50IjoicG9zdF9saW5rX3VybF9wb3N0Iiwic2V0dGluZ3MiOnsicG9zdF9pZCI6IjE1NDM0MyJ9fQ==@&#8221; button_text=&#8221;REZERV\u0102 PRIMUL AJUTOR ACUM&#8221; _builder_version=&#8221;4.27.5&#8243; _dynamic_attributes=&#8221;button_url&#8221; _module_preset=&#8221;default&#8221; global_colors_info=&#8221;{}&#8221; theme_builder_area=&#8221;post_content&#8221;][\/et_pb_button][\/et_pb_column][\/et_pb_row][\/et_pb_section]<\/p>\n","protected":false},"excerpt":{"rendered":"<p>Atunci c\u00e2nd caut\u0103 un curs de prim ajutor \u00een Irlanda, mul\u021bi oameni \u00eent\u00e2lnesc dou\u0103 op\u021biuni comune: First Aid Responder (FAR) \u0219i Basic First Aid. De\u0219i ambele predau abilit\u0103\u021bi importante de salvare a vie\u021bii, ele servesc unor scopuri \u0219i niveluri de responsabilitate foarte diferite. Alegerea cursului corect este deosebit de important\u0103 \u00een cazul \u00een care formarea [&hellip;]<\/p>\n","protected":false},"author":2509,"featured_media":156056,"comment_status":"closed","ping_status":"closed","sticky":false,"template":"","format":"standard","meta":{"_acf_changed":false,"_et_pb_use_builder":"on","_et_pb_old_content":"","_et_gb_content_width":"","wds_primary_category":0,"footnotes":""},"categories":[92],"tags":[419,417,426,418,422,421,424],"class_list":["post-156077","post","type-post","status-publish","format-standard","has-post-thumbnail","hentry","category-uncategorized-ro","tag-certificare-phecc","tag-formare-in-prim-ajutor","tag-primul-ajutor-de-baza","tag-primul-ajutor-dublin","tag-primul-ajutor-la-locul-de-munca","tag-raspuns-de-prim-ajutor","tag-sanatate-si-siguranta-irlanda"],"acf":[],"_links":{"self":[{"href":"https:\/\/gtss.ie\/ro\/wp-json\/wp\/v2\/posts\/156077","targetHints":{"allow":["GET"]}}],"collection":[{"href":"https:\/\/gtss.ie\/ro\/wp-json\/wp\/v2\/posts"}],"about":[{"href":"https:\/\/gtss.ie\/ro\/wp-json\/wp\/v2\/types\/post"}],"author":[{"embeddable":true,"href":"https:\/\/gtss.ie\/ro\/wp-json\/wp\/v2\/users\/2509"}],"replies":[{"embeddable":true,"href":"https:\/\/gtss.ie\/ro\/wp-json\/wp\/v2\/comments?post=156077"}],"version-history":[{"count":2,"href":"https:\/\/gtss.ie\/ro\/wp-json\/wp\/v2\/posts\/156077\/revisions"}],"predecessor-version":[{"id":156079,"href":"https:\/\/gtss.ie\/ro\/wp-json\/wp\/v2\/posts\/156077\/revisions\/156079"}],"wp:featuredmedia":[{"embeddable":true,"href":"https:\/\/gtss.ie\/ro\/wp-json\/wp\/v2\/media\/156056"}],"wp:attachment":[{"href":"https:\/\/gtss.ie\/ro\/wp-json\/wp\/v2\/media?parent=156077"}],"wp:term":[{"taxonomy":"category","embeddable":true,"href":"https:\/\/gtss.ie\/ro\/wp-json\/wp\/v2\/categories?post=156077"},{"taxonomy":"post_tag","embeddable":true,"href":"https:\/\/gtss.ie\/ro\/wp-json\/wp\/v2\/tags?post=156077"}],"curies":[{"name":"wp","href":"https:\/\/api.w.org\/{rel}","templated":true}]}}